{"id":168,"count":1,"description":"Gesti\u00f3 de campanyes publicit\u00e0ries, adre\u00e7a de sessions fotogr\u00e0fiques, projectes globals d'imatge.","link":"https:\/\/ffdisseny.com\/ca\/categoria-portfolio\/direccio-dart\/","name":"Direcci\u00f3 d'art","slug":"direccio-dart","taxonomy":"portfolio_category","parent":0,"meta":[],"yoast_head":"<!-- This site is optimized with the Yoast SEO plugin v27.4 - https:\/\/yoast.com\/product\/yoast-seo-wordpress\/ -->\n<title>Direcci\u00f3 d&#039;art archivos - FFDisseny<\/title>\n<meta name=\"robots\" content=\"index, follow, max-snippet:-1, max-image-preview:large, max-video-preview:-1\" \/>\n<link rel=\"canonical\" href=\"https:\/\/ffdisseny.com\/categoria-portfolio\/direccion-de-arte\/\" \/>\n<meta property=\"og:locale\" content=\"ca_ES\" \/>\n<meta property=\"og:type\" content=\"article\" \/>\n<meta property=\"og:title\" content=\"Direcci\u00f3 d&#039;art archivos - FFDisseny\" \/>\n<meta property=\"og:description\" content=\"Gesti\u00f3 de campanyes publicit\u00e0ries, adre\u00e7a de sessions fotogr\u00e0fiques, projectes globals d&#8217;imatge.\" \/>\n<meta property=\"og:url\" content=\"https:\/\/ffdisseny.com\/categoria-portfolio\/direccion-de-arte\/\" \/>\n<meta property=\"og:site_name\" content=\"FFDisseny\" \/>\n<meta name=\"twitter:card\" content=\"summary_large_image\" \/>\n<script type=\"application\/ld+json\" class=\"yoast-schema-graph\">{\"@context\":\"https:\\\/\\\/schema.org\",\"@graph\":[{\"@type\":\"CollectionPage\",\"@id\":\"https:\\\/\\\/ffdisseny.com\\\/categoria-portfolio\\\/direccion-de-arte\\\/\",\"url\":\"https:\\\/\\\/ffdisseny.com\\\/categoria-portfolio\\\/direccion-de-arte\\\/\",\"name\":\"Direcci\u00f3 d'art archivos - FFDisseny\",\"isPartOf\":{\"@id\":\"https:\\\/\\\/ffdisseny.com\\\/en\\\/#website\"},\"breadcrumb\":{\"@id\":\"https:\\\/\\\/ffdisseny.com\\\/categoria-portfolio\\\/direccion-de-arte\\\/#breadcrumb\"},\"inLanguage\":\"ca\"},{\"@type\":\"BreadcrumbList\",\"@id\":\"https:\\\/\\\/ffdisseny.com\\\/categoria-portfolio\\\/direccion-de-arte\\\/#breadcrumb\",\"itemListElement\":[{\"@type\":\"ListItem\",\"position\":1,\"name\":\"Portada\",\"item\":\"https:\\\/\\\/ffdisseny.com\\\/ca\\\/\"},{\"@type\":\"ListItem\",\"position\":2,\"name\":\"Direcci\u00f3n de arte\"}]},{\"@type\":\"WebSite\",\"@id\":\"https:\\\/\\\/ffdisseny.com\\\/en\\\/#website\",\"url\":\"https:\\\/\\\/ffdisseny.com\\\/en\\\/\",\"name\":\"FFDisseny\",\"description\":\"Dise\u00f1o gr\u00e1fico en Mallorca\",\"publisher\":{\"@id\":\"https:\\\/\\\/ffdisseny.com\\\/en\\\/#organization\"},\"potentialAction\":[{\"@type\":\"SearchAction\",\"target\":{\"@type\":\"EntryPoint\",\"urlTemplate\":\"https:\\\/\\\/ffdisseny.com\\\/en\\\/?s={search_term_string}\"},\"query-input\":{\"@type\":\"PropertyValueSpecification\",\"valueRequired\":true,\"valueName\":\"search_term_string\"}}],\"inLanguage\":\"ca\"},{\"@type\":\"Organization\",\"@id\":\"https:\\\/\\\/ffdisseny.com\\\/en\\\/#organization\",\"name\":\"FFDisseny\",\"url\":\"https:\\\/\\\/ffdisseny.com\\\/en\\\/\",\"logo\":{\"@type\":\"ImageObject\",\"inLanguage\":\"ca\",\"@id\":\"https:\\\/\\\/ffdisseny.com\\\/en\\\/#\\\/schema\\\/logo\\\/image\\\/\",\"url\":\"https:\\\/\\\/ffdisseny.com\\\/wp-content\\\/uploads\\\/2022\\\/04\\\/FFDisseny-logo_color@2x.png\",\"contentUrl\":\"https:\\\/\\\/ffdisseny.com\\\/wp-content\\\/uploads\\\/2022\\\/04\\\/FFDisseny-logo_color@2x.png\",\"width\":400,\"height\":89,\"caption\":\"FFDisseny\"},\"image\":{\"@id\":\"https:\\\/\\\/ffdisseny.com\\\/en\\\/#\\\/schema\\\/logo\\\/image\\\/\"},\"sameAs\":[\"https:\\\/\\\/www.facebook.com\\\/FFDisseny\",\"https:\\\/\\\/www.instagram.com\\\/ffdisseny\\\/\"]}]}<\/script>\n<!-- \/ Yoast SEO plugin. -->","yoast_head_json":{"title":"Direcci\u00f3 d'art archivos - FFDisseny","robots":{"index":"index","follow":"follow","max-snippet":"max-snippet:-1","max-image-preview":"max-image-preview:large","max-video-preview":"max-video-preview:-1"},"canonical":"https:\/\/ffdisseny.com\/categoria-portfolio\/direccion-de-arte\/","og_locale":"ca_ES","og_type":"article","og_title":"Direcci\u00f3 d'art archivos - FFDisseny","og_description":"Gesti\u00f3 de campanyes publicit\u00e0ries, adre\u00e7a de sessions fotogr\u00e0fiques, projectes globals d&#8217;imatge.","og_url":"https:\/\/ffdisseny.com\/categoria-portfolio\/direccion-de-arte\/","og_site_name":"FFDisseny","twitter_card":"summary_large_image","schema":{"@context":"https:\/\/schema.org","@graph":[{"@type":"CollectionPage","@id":"https:\/\/ffdisseny.com\/categoria-portfolio\/direccion-de-arte\/","url":"https:\/\/ffdisseny.com\/categoria-portfolio\/direccion-de-arte\/","name":"Direcci\u00f3 d'art archivos - FFDisseny","isPartOf":{"@id":"https:\/\/ffdisseny.com\/en\/#website"},"breadcrumb":{"@id":"https:\/\/ffdisseny.com\/categoria-portfolio\/direccion-de-arte\/#breadcrumb"},"inLanguage":"ca"},{"@type":"BreadcrumbList","@id":"https:\/\/ffdisseny.com\/categoria-portfolio\/direccion-de-arte\/#breadcrumb","itemListElement":[{"@type":"ListItem","position":1,"name":"Portada","item":"https:\/\/ffdisseny.com\/ca\/"},{"@type":"ListItem","position":2,"name":"Direcci\u00f3n de arte"}]},{"@type":"WebSite","@id":"https:\/\/ffdisseny.com\/en\/#website","url":"https:\/\/ffdisseny.com\/en\/","name":"FFDisseny","description":"Dise\u00f1o gr\u00e1fico en Mallorca","publisher":{"@id":"https:\/\/ffdisseny.com\/en\/#organization"},"potentialAction":[{"@type":"SearchAction","target":{"@type":"EntryPoint","urlTemplate":"https:\/\/ffdisseny.com\/en\/?s={search_term_string}"},"query-input":{"@type":"PropertyValueSpecification","valueRequired":true,"valueName":"search_term_string"}}],"inLanguage":"ca"},{"@type":"Organization","@id":"https:\/\/ffdisseny.com\/en\/#organization","name":"FFDisseny","url":"https:\/\/ffdisseny.com\/en\/","logo":{"@type":"ImageObject","inLanguage":"ca","@id":"https:\/\/ffdisseny.com\/en\/#\/schema\/logo\/image\/","url":"https:\/\/ffdisseny.com\/wp-content\/uploads\/2022\/04\/FFDisseny-logo_color@2x.png","contentUrl":"https:\/\/ffdisseny.com\/wp-content\/uploads\/2022\/04\/FFDisseny-logo_color@2x.png","width":400,"height":89,"caption":"FFDisseny"},"image":{"@id":"https:\/\/ffdisseny.com\/en\/#\/schema\/logo\/image\/"},"sameAs":["https:\/\/www.facebook.com\/FFDisseny","https:\/\/www.instagram.com\/ffdisseny\/"]}]}},"_links":{"self":[{"href":"https:\/\/ffdisseny.com\/ca\/wp-json\/wp\/v2\/portfolio_category\/168","targetHints":{"allow":["GET"]}}],"collection":[{"href":"https:\/\/ffdisseny.com\/ca\/wp-json\/wp\/v2\/portfolio_category"}],"about":[{"href":"https:\/\/ffdisseny.com\/ca\/wp-json\/wp\/v2\/taxonomies\/portfolio_category"}],"wp:post_type":[{"href":"https:\/\/ffdisseny.com\/ca\/wp-json\/wp\/v2\/avada_portfolio?portfolio_category=168"}],"curies":[{"name":"wp","href":"https:\/\/api.w.org\/{rel}","templated":true}]}}